{"id":3215,"date":"2025-05-25T20:54:14","date_gmt":"2025-05-26T01:54:14","guid":{"rendered":"https:\/\/unidadestudio.com\/impromex\/?p=3215"},"modified":"2025-07-06T18:28:46","modified_gmt":"2025-07-06T23:28:46","slug":"cultura-de-sst-en-ecuador","status":"publish","type":"post","link":"https:\/\/unidadestudio.com\/impromex\/cultura-de-sst-en-ecuador\/","title":{"rendered":"Cultura de SST en Ecuador"},"content":{"rendered":"<h2><em><a href=\"https:\/\/unidadestudio.com\/impromex\/wp-content\/uploads\/2025\/05\/Cultura-de-SST-en-Ecuador2.webp\"><img decoding=\"async\" class=\"size-full wp-image-3424 alignleft\" src=\"https:\/\/unidadestudio.com\/impromex\/wp-content\/uploads\/2025\/05\/Cultura-de-SST-en-Ecuador2.webp\" alt=\"\" width=\"400\" srcset=\"https:\/\/unidadestudio.com\/impromex\/wp-content\/uploads\/2025\/05\/Cultura-de-SST-en-Ecuador2-200x125.webp 200w, https:\/\/unidadestudio.com\/impromex\/wp-content\/uploads\/2025\/05\/Cultura-de-SST-en-Ecuador2-300x188.webp 300w, https:\/\/unidadestudio.com\/impromex\/wp-content\/uploads\/2025\/05\/Cultura-de-SST-en-Ecuador2-400x250.webp 400w, https:\/\/unidadestudio.com\/impromex\/wp-content\/uploads\/2025\/05\/Cultura-de-SST-en-Ecuador2-600x375.webp 600w, https:\/\/unidadestudio.com\/impromex\/wp-content\/uploads\/2025\/05\/Cultura-de-SST-en-Ecuador2-700x438.webp 700w, https:\/\/unidadestudio.com\/impromex\/wp-content\/uploads\/2025\/05\/Cultura-de-SST-en-Ecuador2-768x480.webp 768w, https:\/\/unidadestudio.com\/impromex\/wp-content\/uploads\/2025\/05\/Cultura-de-SST-en-Ecuador2.webp 800w\" sizes=\"(max-width: 800px) 100vw, 800px\" \/><\/a>Cultura de Seguridad en Ecuador: \u00bfEstamos avanzando o todav\u00eda es un reto?<\/em><\/h2>\n<p>La seguridad industrial no es solo un conjunto de normas o equipos. Es una <strong>actitud colectiva<\/strong>. Una verdadera cultura de seguridad no depende solo del \u00e1rea de SST (Seguridad y Salud en el Trabajo), sino de cada colaborador, desde la alta gerencia hasta el operario.<\/p>\n<p>En Ecuador, esta cultura a\u00fan es d\u00e9bil en muchas organizaciones, y eso cuesta: accidentes, sanciones, ausentismo, desconfianza y reputaci\u00f3n afectada.<\/p>\n<p>En este blog te contamos por qu\u00e9 <strong>fomentar una cultura de seguridad es m\u00e1s importante que nunca en 2025<\/strong>, y c\u00f3mo dar pasos concretos para fortalecerla.<\/p>\n<h3>\u00bfQu\u00e9 es una cultura de seguridad?<\/h3>\n<p>Es el conjunto de creencias, valores, h\u00e1bitos y comportamientos compartidos por los colaboradores de una empresa frente a la seguridad y salud en el trabajo.<\/p>\n<p><strong>En una buena cultura de seguridad:<\/strong><\/p>\n<ul>\n<li>La prevenci\u00f3n es prioridad, no tr\u00e1mite.<\/li>\n<li>El EPP se usa por convicci\u00f3n, no por obligaci\u00f3n.<\/li>\n<li>Los trabajadores se sienten parte activa del sistema de protecci\u00f3n.<\/li>\n<\/ul>\n<h3>\u00bfPor qu\u00e9 es tan clave en 2025?<\/h3>\n<ul>\n<li>Porque los entornos laborales son m\u00e1s complejos, cambiantes y exigentes.<\/li>\n<li>Porque los trabajadores valoran m\u00e1s que nunca su bienestar y condiciones laborales.<\/li>\n<li>Porque las auditor\u00edas, certificaciones y licitaciones exigen evidencia de cumplimiento real, no solo en papel.<\/li>\n<li>Porque <strong>una cultura de seguridad s\u00f3lida reduce accidentes, mejora la productividad y protege la reputaci\u00f3n empresarial.<\/strong><\/li>\n<\/ul>\n<h3>\u00bfC\u00f3mo fomentar una cultura de seguridad en tu empresa?<\/h3>\n<h4>1. Liderazgo visible y comprometido<\/h4>\n<p>Si la gerencia no da el ejemplo, el mensaje no llega. Un jefe que no usa casco, no capacita o minimiza los riesgos, destruye cualquier esfuerzo preventivo.<\/p>\n<h4>2. Capacitaci\u00f3n continua y contextualizada<\/h4>\n<p>No basta con una charla gen\u00e9rica. El equipo debe entender <strong>por qu\u00e9 y c\u00f3mo<\/strong> usar su EPP en su entorno real de trabajo.<\/p>\n<h4>3. Comunicaci\u00f3n clara y constante<\/h4>\n<p>A trav\u00e9s de se\u00f1al\u00e9tica, campa\u00f1as internas, reuniones de seguridad y canales abiertos de reporte.<br \/>\n<strong>Hablar de seguridad no debe ser solo cuando ocurre un accidente.<\/strong><\/p>\n<h4>4. Inversi\u00f3n en equipos certificados y confortables<\/h4>\n<p>El trabajador usa lo que le protege y <strong>le resulta c\u00f3modo<\/strong>.<br \/>\nIncomodidad = evasi\u00f3n = riesgo.<br \/>\nEmpresas como Impromex ofrecen soluciones reales, con EPP certificados, ergon\u00f3micos y adaptados al entorno ecuatoriano.<\/p>\n<h4>5. Reconocimiento y retroalimentaci\u00f3n<\/h4>\n<p>Valora el comportamiento seguro. Reconoce al trabajador que reporta un riesgo. Corrige sin castigar. Crea un ambiente donde la seguridad se vea como una responsabilidad compartida.<\/p>\n<h3>\u00bfPor d\u00f3nde empezar?<\/h3>\n<ul>\n<li>Eval\u00faa tu situaci\u00f3n actual con una auditor\u00eda interna.<\/li>\n<li>Pregunta a tu equipo: \u00bfpor qu\u00e9 no usan el EPP? \u00bfQu\u00e9 les incomoda? \u00bfQu\u00e9 mejorar\u00edan?<\/li>\n<li>Mejora procesos, reemplaza equipos obsoletos y capacita con sentido pr\u00e1ctico.<\/li>\n<li>As\u00f3ciate con proveedores que <strong>no solo vendan<\/strong>, sino que te asesoren para mejorar tu cultura preventiva.<\/li>\n<\/ul>\n<h3>Conclusi\u00f3n<\/h3>\n<p><strong>Una cultura de seguridad fuerte no se impone, se construye.<\/strong><br \/>\nY cuando se construye bien, los resultados se ven: menos accidentes, m\u00e1s compromiso, mejor clima laboral y reputaci\u00f3n m\u00e1s s\u00f3lida.<\/p>\n<p>En Impromex no solo entregamos productos. <strong>Entregamos conocimiento, asesor\u00eda y soluciones<\/strong> para ayudarte a fortalecer tu cultura de seguridad desde la ra\u00edz.<\/p>\n","protected":false},"excerpt":{"rendered":"<p>Cultura de Seguridad en Ecuador: \u00bfEstamos avanzando o todav\u00eda es  [&#8230;]<\/p>\n","protected":false},"author":1,"featured_media":3299,"comment_status":"open","ping_status":"open","sticky":false,"template":"","format":"standard","meta":{"_joinchat":[],"footnotes":""},"categories":[1],"tags":[],"class_list":["post-3215","post","type-post","status-publish","format-standard","has-post-thumbnail","hentry","category-blog"],"yoast_head":"<!-- This site is optimized with the Yoast SEO plugin v27.4 - https:\/\/yoast.com\/product\/yoast-seo-wordpress\/ -->\n<title>Cultura de SST en Ecuador - Impromex<\/title>\n<meta name=\"robots\" content=\"index, follow, max-snippet:-1, max-image-preview:large, max-video-preview:-1\" \/>\n<link rel=\"canonical\" href=\"https:\/\/unidadestudio.com\/impromex\/cultura-de-sst-en-ecuador\/\" \/>\n<meta property=\"og:locale\" content=\"es_ES\" \/>\n<meta property=\"og:type\" content=\"article\" \/>\n<meta property=\"og:title\" content=\"Cultura de SST en Ecuador - Impromex\" \/>\n<meta property=\"og:description\" content=\"Cultura de Seguridad en Ecuador: \u00bfEstamos avanzando o todav\u00eda es [...]\" \/>\n<meta property=\"og:url\" content=\"https:\/\/unidadestudio.com\/impromex\/cultura-de-sst-en-ecuador\/\" \/>\n<meta property=\"og:site_name\" content=\"Impromex\" \/>\n<meta property=\"article:publisher\" content=\"https:\/\/www.facebook.com\/impromex.ec\" \/>\n<meta property=\"article:published_time\" content=\"2025-05-26T01:54:14+00:00\" \/>\n<meta property=\"article:modified_time\" content=\"2025-07-06T23:28:46+00:00\" \/>\n<meta property=\"og:image\" content=\"https:\/\/unidadestudio.com\/impromex\/wp-content\/uploads\/2025\/05\/Cultura-de-SST-en-Ecuador.webp\" \/>\n\t<meta property=\"og:image:width\" content=\"800\" \/>\n\t<meta property=\"og:image:height\" content=\"800\" \/>\n\t<meta property=\"og:image:type\" content=\"image\/webp\" \/>\n<meta name=\"author\" content=\"Impromex\" \/>\n<meta name=\"twitter:card\" content=\"summary_large_image\" \/>\n<meta name=\"twitter:label1\" content=\"Escrito por\" \/>\n\t<meta name=\"twitter:data1\" content=\"Impromex\" \/>\n\t<meta name=\"twitter:label2\" content=\"Tiempo de lectura\" \/>\n\t<meta name=\"twitter:data2\" content=\"3 minutos\" \/>\n<script type=\"application\/ld+json\" class=\"yoast-schema-graph\">{\"@context\":\"https:\\\/\\\/schema.org\",\"@graph\":[{\"@type\":\"Article\",\"@id\":\"https:\\\/\\\/unidadestudio.com\\\/impromex\\\/cultura-de-sst-en-ecuador\\\/#article\",\"isPartOf\":{\"@id\":\"https:\\\/\\\/unidadestudio.com\\\/impromex\\\/cultura-de-sst-en-ecuador\\\/\"},\"author\":{\"name\":\"Impromex\",\"@id\":\"https:\\\/\\\/unidadestudio.com\\\/impromex\\\/#\\\/schema\\\/person\\\/96305fd78498f3e0f45ffb82fd16eed1\"},\"headline\":\"Cultura de SST en Ecuador\",\"datePublished\":\"2025-05-26T01:54:14+00:00\",\"dateModified\":\"2025-07-06T23:28:46+00:00\",\"mainEntityOfPage\":{\"@id\":\"https:\\\/\\\/unidadestudio.com\\\/impromex\\\/cultura-de-sst-en-ecuador\\\/\"},\"wordCount\":538,\"commentCount\":0,\"publisher\":{\"@id\":\"https:\\\/\\\/unidadestudio.com\\\/impromex\\\/#organization\"},\"image\":{\"@id\":\"https:\\\/\\\/unidadestudio.com\\\/impromex\\\/cultura-de-sst-en-ecuador\\\/#primaryimage\"},\"thumbnailUrl\":\"https:\\\/\\\/unidadestudio.com\\\/impromex\\\/wp-content\\\/uploads\\\/2025\\\/05\\\/Cultura-de-SST-en-Ecuador.webp\",\"articleSection\":[\"Blog\"],\"inLanguage\":\"es\",\"potentialAction\":[{\"@type\":\"CommentAction\",\"name\":\"Comment\",\"target\":[\"https:\\\/\\\/unidadestudio.com\\\/impromex\\\/cultura-de-sst-en-ecuador\\\/#respond\"]}]},{\"@type\":\"WebPage\",\"@id\":\"https:\\\/\\\/unidadestudio.com\\\/impromex\\\/cultura-de-sst-en-ecuador\\\/\",\"url\":\"https:\\\/\\\/unidadestudio.com\\\/impromex\\\/cultura-de-sst-en-ecuador\\\/\",\"name\":\"Cultura de SST en Ecuador - Impromex\",\"isPartOf\":{\"@id\":\"https:\\\/\\\/unidadestudio.com\\\/impromex\\\/#website\"},\"primaryImageOfPage\":{\"@id\":\"https:\\\/\\\/unidadestudio.com\\\/impromex\\\/cultura-de-sst-en-ecuador\\\/#primaryimage\"},\"image\":{\"@id\":\"https:\\\/\\\/unidadestudio.com\\\/impromex\\\/cultura-de-sst-en-ecuador\\\/#primaryimage\"},\"thumbnailUrl\":\"https:\\\/\\\/unidadestudio.com\\\/impromex\\\/wp-content\\\/uploads\\\/2025\\\/05\\\/Cultura-de-SST-en-Ecuador.webp\",\"datePublished\":\"2025-05-26T01:54:14+00:00\",\"dateModified\":\"2025-07-06T23:28:46+00:00\",\"breadcrumb\":{\"@id\":\"https:\\\/\\\/unidadestudio.com\\\/impromex\\\/cultura-de-sst-en-ecuador\\\/#breadcrumb\"},\"inLanguage\":\"es\",\"potentialAction\":[{\"@type\":\"ReadAction\",\"target\":[\"https:\\\/\\\/unidadestudio.com\\\/impromex\\\/cultura-de-sst-en-ecuador\\\/\"]}]},{\"@type\":\"ImageObject\",\"inLanguage\":\"es\",\"@id\":\"https:\\\/\\\/unidadestudio.com\\\/impromex\\\/cultura-de-sst-en-ecuador\\\/#primaryimage\",\"url\":\"https:\\\/\\\/unidadestudio.com\\\/impromex\\\/wp-content\\\/uploads\\\/2025\\\/05\\\/Cultura-de-SST-en-Ecuador.webp\",\"contentUrl\":\"https:\\\/\\\/unidadestudio.com\\\/impromex\\\/wp-content\\\/uploads\\\/2025\\\/05\\\/Cultura-de-SST-en-Ecuador.webp\",\"width\":800,\"height\":800},{\"@type\":\"BreadcrumbList\",\"@id\":\"https:\\\/\\\/unidadestudio.com\\\/impromex\\\/cultura-de-sst-en-ecuador\\\/#breadcrumb\",\"itemListElement\":[{\"@type\":\"ListItem\",\"position\":1,\"name\":\"Inicio\",\"item\":\"https:\\\/\\\/unidadestudio.com\\\/impromex\\\/\"},{\"@type\":\"ListItem\",\"position\":2,\"name\":\"Cultura de SST en Ecuador\"}]},{\"@type\":\"WebSite\",\"@id\":\"https:\\\/\\\/unidadestudio.com\\\/impromex\\\/#website\",\"url\":\"https:\\\/\\\/unidadestudio.com\\\/impromex\\\/\",\"name\":\"Impromex\",\"description\":\"\",\"publisher\":{\"@id\":\"https:\\\/\\\/unidadestudio.com\\\/impromex\\\/#organization\"},\"potentialAction\":[{\"@type\":\"SearchAction\",\"target\":{\"@type\":\"EntryPoint\",\"urlTemplate\":\"https:\\\/\\\/unidadestudio.com\\\/impromex\\\/?s={search_term_string}\"},\"query-input\":{\"@type\":\"PropertyValueSpecification\",\"valueRequired\":true,\"valueName\":\"search_term_string\"}}],\"inLanguage\":\"es\"},{\"@type\":\"Organization\",\"@id\":\"https:\\\/\\\/unidadestudio.com\\\/impromex\\\/#organization\",\"name\":\"Impromex\",\"url\":\"https:\\\/\\\/unidadestudio.com\\\/impromex\\\/\",\"logo\":{\"@type\":\"ImageObject\",\"inLanguage\":\"es\",\"@id\":\"https:\\\/\\\/unidadestudio.com\\\/impromex\\\/#\\\/schema\\\/logo\\\/image\\\/\",\"url\":\"https:\\\/\\\/unidadestudio.com\\\/impromex\\\/wp-content\\\/uploads\\\/2025\\\/03\\\/Logo-Impromex-e1742592392883.png\",\"contentUrl\":\"https:\\\/\\\/unidadestudio.com\\\/impromex\\\/wp-content\\\/uploads\\\/2025\\\/03\\\/Logo-Impromex-e1742592392883.png\",\"width\":500,\"height\":95,\"caption\":\"Impromex\"},\"image\":{\"@id\":\"https:\\\/\\\/unidadestudio.com\\\/impromex\\\/#\\\/schema\\\/logo\\\/image\\\/\"},\"sameAs\":[\"https:\\\/\\\/www.facebook.com\\\/impromex.ec\",\"https:\\\/\\\/www.instagram.com\\\/impromex.ec\\\/\"]},{\"@type\":\"Person\",\"@id\":\"https:\\\/\\\/unidadestudio.com\\\/impromex\\\/#\\\/schema\\\/person\\\/96305fd78498f3e0f45ffb82fd16eed1\",\"name\":\"Impromex\",\"image\":{\"@type\":\"ImageObject\",\"inLanguage\":\"es\",\"@id\":\"https:\\\/\\\/secure.gravatar.com\\\/avatar\\\/1690ffba665213a67c28f28ade2caf4ab9841427ad0779c020bc5d65fb65bdf6?s=96&d=mm&r=g\",\"url\":\"https:\\\/\\\/secure.gravatar.com\\\/avatar\\\/1690ffba665213a67c28f28ade2caf4ab9841427ad0779c020bc5d65fb65bdf6?s=96&d=mm&r=g\",\"contentUrl\":\"https:\\\/\\\/secure.gravatar.com\\\/avatar\\\/1690ffba665213a67c28f28ade2caf4ab9841427ad0779c020bc5d65fb65bdf6?s=96&d=mm&r=g\",\"caption\":\"Impromex\"},\"sameAs\":[\"https:\\\/\\\/unidadestudio.com\\\/impromex\"],\"url\":\"https:\\\/\\\/unidadestudio.com\\\/impromex\\\/author\\\/santiago-chiluisa-rz\\\/\"}]}<\/script>\n<!-- \/ Yoast SEO plugin. -->","yoast_head_json":{"title":"Cultura de SST en Ecuador - Impromex","robots":{"index":"index","follow":"follow","max-snippet":"max-snippet:-1","max-image-preview":"max-image-preview:large","max-video-preview":"max-video-preview:-1"},"canonical":"https:\/\/unidadestudio.com\/impromex\/cultura-de-sst-en-ecuador\/","og_locale":"es_ES","og_type":"article","og_title":"Cultura de SST en Ecuador - Impromex","og_description":"Cultura de Seguridad en Ecuador: \u00bfEstamos avanzando o todav\u00eda es [...]","og_url":"https:\/\/unidadestudio.com\/impromex\/cultura-de-sst-en-ecuador\/","og_site_name":"Impromex","article_publisher":"https:\/\/www.facebook.com\/impromex.ec","article_published_time":"2025-05-26T01:54:14+00:00","article_modified_time":"2025-07-06T23:28:46+00:00","og_image":[{"width":800,"height":800,"url":"https:\/\/unidadestudio.com\/impromex\/wp-content\/uploads\/2025\/05\/Cultura-de-SST-en-Ecuador.webp","type":"image\/webp"}],"author":"Impromex","twitter_card":"summary_large_image","twitter_misc":{"Escrito por":"Impromex","Tiempo de lectura":"3 minutos"},"schema":{"@context":"https:\/\/schema.org","@graph":[{"@type":"Article","@id":"https:\/\/unidadestudio.com\/impromex\/cultura-de-sst-en-ecuador\/#article","isPartOf":{"@id":"https:\/\/unidadestudio.com\/impromex\/cultura-de-sst-en-ecuador\/"},"author":{"name":"Impromex","@id":"https:\/\/unidadestudio.com\/impromex\/#\/schema\/person\/96305fd78498f3e0f45ffb82fd16eed1"},"headline":"Cultura de SST en Ecuador","datePublished":"2025-05-26T01:54:14+00:00","dateModified":"2025-07-06T23:28:46+00:00","mainEntityOfPage":{"@id":"https:\/\/unidadestudio.com\/impromex\/cultura-de-sst-en-ecuador\/"},"wordCount":538,"commentCount":0,"publisher":{"@id":"https:\/\/unidadestudio.com\/impromex\/#organization"},"image":{"@id":"https:\/\/unidadestudio.com\/impromex\/cultura-de-sst-en-ecuador\/#primaryimage"},"thumbnailUrl":"https:\/\/unidadestudio.com\/impromex\/wp-content\/uploads\/2025\/05\/Cultura-de-SST-en-Ecuador.webp","articleSection":["Blog"],"inLanguage":"es","potentialAction":[{"@type":"CommentAction","name":"Comment","target":["https:\/\/unidadestudio.com\/impromex\/cultura-de-sst-en-ecuador\/#respond"]}]},{"@type":"WebPage","@id":"https:\/\/unidadestudio.com\/impromex\/cultura-de-sst-en-ecuador\/","url":"https:\/\/unidadestudio.com\/impromex\/cultura-de-sst-en-ecuador\/","name":"Cultura de SST en Ecuador - Impromex","isPartOf":{"@id":"https:\/\/unidadestudio.com\/impromex\/#website"},"primaryImageOfPage":{"@id":"https:\/\/unidadestudio.com\/impromex\/cultura-de-sst-en-ecuador\/#primaryimage"},"image":{"@id":"https:\/\/unidadestudio.com\/impromex\/cultura-de-sst-en-ecuador\/#primaryimage"},"thumbnailUrl":"https:\/\/unidadestudio.com\/impromex\/wp-content\/uploads\/2025\/05\/Cultura-de-SST-en-Ecuador.webp","datePublished":"2025-05-26T01:54:14+00:00","dateModified":"2025-07-06T23:28:46+00:00","breadcrumb":{"@id":"https:\/\/unidadestudio.com\/impromex\/cultura-de-sst-en-ecuador\/#breadcrumb"},"inLanguage":"es","potentialAction":[{"@type":"ReadAction","target":["https:\/\/unidadestudio.com\/impromex\/cultura-de-sst-en-ecuador\/"]}]},{"@type":"ImageObject","inLanguage":"es","@id":"https:\/\/unidadestudio.com\/impromex\/cultura-de-sst-en-ecuador\/#primaryimage","url":"https:\/\/unidadestudio.com\/impromex\/wp-content\/uploads\/2025\/05\/Cultura-de-SST-en-Ecuador.webp","contentUrl":"https:\/\/unidadestudio.com\/impromex\/wp-content\/uploads\/2025\/05\/Cultura-de-SST-en-Ecuador.webp","width":800,"height":800},{"@type":"BreadcrumbList","@id":"https:\/\/unidadestudio.com\/impromex\/cultura-de-sst-en-ecuador\/#breadcrumb","itemListElement":[{"@type":"ListItem","position":1,"name":"Inicio","item":"https:\/\/unidadestudio.com\/impromex\/"},{"@type":"ListItem","position":2,"name":"Cultura de SST en Ecuador"}]},{"@type":"WebSite","@id":"https:\/\/unidadestudio.com\/impromex\/#website","url":"https:\/\/unidadestudio.com\/impromex\/","name":"Impromex","description":"","publisher":{"@id":"https:\/\/unidadestudio.com\/impromex\/#organization"},"potentialAction":[{"@type":"SearchAction","target":{"@type":"EntryPoint","urlTemplate":"https:\/\/unidadestudio.com\/impromex\/?s={search_term_string}"},"query-input":{"@type":"PropertyValueSpecification","valueRequired":true,"valueName":"search_term_string"}}],"inLanguage":"es"},{"@type":"Organization","@id":"https:\/\/unidadestudio.com\/impromex\/#organization","name":"Impromex","url":"https:\/\/unidadestudio.com\/impromex\/","logo":{"@type":"ImageObject","inLanguage":"es","@id":"https:\/\/unidadestudio.com\/impromex\/#\/schema\/logo\/image\/","url":"https:\/\/unidadestudio.com\/impromex\/wp-content\/uploads\/2025\/03\/Logo-Impromex-e1742592392883.png","contentUrl":"https:\/\/unidadestudio.com\/impromex\/wp-content\/uploads\/2025\/03\/Logo-Impromex-e1742592392883.png","width":500,"height":95,"caption":"Impromex"},"image":{"@id":"https:\/\/unidadestudio.com\/impromex\/#\/schema\/logo\/image\/"},"sameAs":["https:\/\/www.facebook.com\/impromex.ec","https:\/\/www.instagram.com\/impromex.ec\/"]},{"@type":"Person","@id":"https:\/\/unidadestudio.com\/impromex\/#\/schema\/person\/96305fd78498f3e0f45ffb82fd16eed1","name":"Impromex","image":{"@type":"ImageObject","inLanguage":"es","@id":"https:\/\/secure.gravatar.com\/avatar\/1690ffba665213a67c28f28ade2caf4ab9841427ad0779c020bc5d65fb65bdf6?s=96&d=mm&r=g","url":"https:\/\/secure.gravatar.com\/avatar\/1690ffba665213a67c28f28ade2caf4ab9841427ad0779c020bc5d65fb65bdf6?s=96&d=mm&r=g","contentUrl":"https:\/\/secure.gravatar.com\/avatar\/1690ffba665213a67c28f28ade2caf4ab9841427ad0779c020bc5d65fb65bdf6?s=96&d=mm&r=g","caption":"Impromex"},"sameAs":["https:\/\/unidadestudio.com\/impromex"],"url":"https:\/\/unidadestudio.com\/impromex\/author\/santiago-chiluisa-rz\/"}]}},"_links":{"self":[{"href":"https:\/\/unidadestudio.com\/impromex\/wp-json\/wp\/v2\/posts\/3215","targetHints":{"allow":["GET"]}}],"collection":[{"href":"https:\/\/unidadestudio.com\/impromex\/wp-json\/wp\/v2\/posts"}],"about":[{"href":"https:\/\/unidadestudio.com\/impromex\/wp-json\/wp\/v2\/types\/post"}],"author":[{"embeddable":true,"href":"https:\/\/unidadestudio.com\/impromex\/wp-json\/wp\/v2\/users\/1"}],"replies":[{"embeddable":true,"href":"https:\/\/unidadestudio.com\/impromex\/wp-json\/wp\/v2\/comments?post=3215"}],"version-history":[{"count":3,"href":"https:\/\/unidadestudio.com\/impromex\/wp-json\/wp\/v2\/posts\/3215\/revisions"}],"predecessor-version":[{"id":3432,"href":"https:\/\/unidadestudio.com\/impromex\/wp-json\/wp\/v2\/posts\/3215\/revisions\/3432"}],"wp:featuredmedia":[{"embeddable":true,"href":"https:\/\/unidadestudio.com\/impromex\/wp-json\/wp\/v2\/media\/3299"}],"wp:attachment":[{"href":"https:\/\/unidadestudio.com\/impromex\/wp-json\/wp\/v2\/media?parent=3215"}],"wp:term":[{"taxonomy":"category","embeddable":true,"href":"https:\/\/unidadestudio.com\/impromex\/wp-json\/wp\/v2\/categories?post=3215"},{"taxonomy":"post_tag","embeddable":true,"href":"https:\/\/unidadestudio.com\/impromex\/wp-json\/wp\/v2\/tags?post=3215"}],"curies":[{"name":"wp","href":"https:\/\/api.w.org\/{rel}","templated":true}]}}